{"id":24,"date":"2025-02-10T22:20:08","date_gmt":"2025-02-10T21:20:08","guid":{"rendered":"https:\/\/neu.wachstumimwandel.at\/?p=24"},"modified":"2025-02-10T22:20:08","modified_gmt":"2025-02-10T21:20:08","slug":"rueck-und-ausblicke","status":"publish","type":"post","link":"https:\/\/neu.wachstumimwandel.at\/?p=24","title":{"rendered":"R\u00fcck- und Ausblicke"},"content":{"rendered":"\n<p>Am&nbsp;<strong>5.12.2024<\/strong>&nbsp;fand unsere erste ordentliche&nbsp;<strong>Generalversammlung<\/strong>&nbsp;&nbsp;statt. Wir&nbsp;<strong>blickten dabei auf das Jahr 2024 zur\u00fcck&nbsp;<\/strong>und planten&nbsp;<strong>Aktivit\u00e4ten f\u00fcr 2025. Der Vorstand&nbsp;<\/strong>widmete sich sehr stark dem organisatorischen Aufbau, der Gewinnung neuer Mitglieder und der Organisation der Fr\u00fchst\u00fccke, Netzwerktreffen und Stamm*Tische.<\/p>\n\n\n\n<p>Wir fassen die Highlights noch einmal zusammen: im April erarbeiteten wir bei einem Workshop unsere&nbsp;<a href=\"https:\/\/wachstumimwandel.at\/2024\/08\/26\/unsere-vision-und-mission\/\">Vision und Mission<\/a>.<\/p>\n\n\n\n<p>Au\u00dferdem waren wir bei&nbsp;<strong>vier gro\u00dfen Veranstaltungen<\/strong>&nbsp;pr\u00e4sent. Als offizieller Partner war Wachstum im Wandel sehr intensiv an der Vorbereitung und Durchf\u00fchrung der gro\u00dfen&nbsp;<a href=\"https:\/\/www.beyondgrowth.at\/\"><strong>Beyond Growth<\/strong>&nbsp;Konferenz<\/a>&nbsp;vom 13.-15. Mai 2024 in Wien im Parlament und im Billrothhaus beteiligt. W\u00e4hrend Sophia Kratz ganz wesentlich im Organisationsteam der Konferenz an der Vorbereitung beteiligt war, fungierte Fritz Hinterberger im Beirat.<\/p>\n\n\n\n<p>Im Herbst war Wachstum im Wandel bei der Konferenz zu \u201eJust Transition\u201c, beim \u00f6sterreichischen HEARTH Summit \u201e<strong><a href=\"https:\/\/wachstumimwandel.at\/2024\/10\/14\/wachstum-im-wandel-bei-art-of-change\/\">Art of Change<\/a><\/strong>\u201c in Alpbach und bei \u201e<strong><a href=\"https:\/\/www.kisstheglobe.org\/\">Kiss the Globe<\/a><\/strong>\u201c in Wien vertreten. Unsere Teilnahme bei der Konferenz \u201e<strong>Just Transition<\/strong>\u201c haben wir&nbsp;<a href=\"https:\/\/wachstumimwandel.at\/2024\/09\/17\/wachstum-im-wandel-bei-der-konferenz-zu-just-transition\/\">hier<\/a>&nbsp;dokumentiert.<\/p>\n\n\n\n<p>Unsere 14-t\u00e4gigen&nbsp;<strong><a href=\"https:\/\/wachstumimwandel.at\/der-stammtisch\/\">Stamm*Tische<\/a><\/strong>&nbsp;waren gut besucht \u2013 mit einem gro\u00dfen Tisch im alten AKH anl\u00e4sslich der \u201eBeyond Growth\u201c-Konferenz als Highlight.<\/p>\n\n\n\n<figure class=\"wp-block-image\"><img decoding=\"async\" src=\"https:\/\/wachstumimwandel.at\/wp-content\/uploads\/Bildschirmfoto-2024-09-09-um-12.48.48-1024x873.png\" alt=\"\" class=\"wp-image-492\"\/><\/figure>\n\n\n\n<p>Unsere&nbsp;<a href=\"https:\/\/wachstumimwandel.at\/fruehstuecke\/\"><strong>Fr\u00fchst\u00fccke<\/strong><\/a>&nbsp;standen 2024 unter einem etwas ungl\u00fccklichen Stern. W\u00e4hrend wir am 13. Februar gut \u00fcber unsere Pl\u00e4ne sprechen konnten und am 6. Juni auf eine erfolgreiche \u201eBeyond Growth\u201c-Konferenz zur\u00fcck geblickt haben, mussten die Termine im September mit&nbsp;<a href=\"https:\/\/wachstumimwandel.at\/2024\/09\/06\/fruehstueck-mit-erwin-schwarzmueller\/\">Franjo Schwarzm\u00fcller<\/a>&nbsp;und November mit&nbsp;<a href=\"https:\/\/wachstumimwandel.at\/2024\/11\/18\/fruhstuck-mit-hans-holzinger\/\">Hans Holzinger<\/a>&nbsp;kurzfristig einmal wegen des Unwetters und einmal krankheitsbedingt abgesagt werden. Wir bem\u00fchen uns um Ersatztermine.<\/p>\n\n\n\n<p>Beide Formate gehen 2025 weiter und wir planen dar\u00fcber hinaus auch wieder gr\u00f6\u00dfere Veranstaltungen. Au\u00dferdem regelm\u00e4\u00dfige&nbsp;<a href=\"https:\/\/wachstumimwandel.at\/netzwerktreffen\/\">Netzwerktreffen<\/a>&nbsp;f\u00fcr unsere Mitglieder. Dazu kommt Ende des Jahres wieder eine Generalversammlung f\u00fcr unsere Mitglieder und alle, die es noch werden m\u00f6chten.<\/p>\n\n\n\n<p>Gerne halten wir Euch auch \u00fcber unseren&nbsp;<strong><a href=\"https:\/\/wachstumimwandel.at\/newsletter\/\">Newsletter<\/a><\/strong>&nbsp;auf dem Laufenden.<\/p>\n","protected":false},"excerpt":{"rendered":"<p>Am&nbsp;5.12.2024&nbsp;fand unsere erste ordentliche&nbsp;Generalversammlung&nbsp;&nbsp;statt. Wir&nbsp;blickten dabei auf das Jahr 2024 zur\u00fcck&nbsp;und planten&nbsp;Aktivit\u00e4ten f\u00fcr 2025. Der Vorstand&nbsp;widmete sich sehr stark dem organisatorischen Aufbau, der Gewinnung neuer Mitglieder und der Organisation der Fr\u00fchst\u00fccke, Netzwerktreffen und Stamm*Tische. Wir fassen die Highlights noch einmal zusammen: im April erarbeiteten wir bei einem Workshop unsere&nbsp;Vision und Mission. Au\u00dferdem waren wir bei&nbsp;vier [&hellip;]<\/p>\n","protected":false},"author":2,"featured_media":25,"comment_status":"open","ping_status":"open","sticky":false,"template":"","format":"standard","meta":{"footnotes":""},"categories":[1],"tags":[],"class_list":["post-24","post","type-post","status-publish","format-standard","has-post-thumbnail","hentry","category-allgemein"],"_links":{"self":[{"href":"https:\/\/neu.wachstumimwandel.at\/index.php?rest_route=\/wp\/v2\/posts\/24","targetHints":{"allow":["GET"]}}],"collection":[{"href":"https:\/\/neu.wachstumimwandel.at\/index.php?rest_route=\/wp\/v2\/posts"}],"about":[{"href":"https:\/\/neu.wachstumimwandel.at\/index.php?rest_route=\/wp\/v2\/types\/post"}],"author":[{"embeddable":true,"href":"https:\/\/neu.wachstumimwandel.at\/index.php?rest_route=\/wp\/v2\/users\/2"}],"replies":[{"embeddable":true,"href":"https:\/\/neu.wachstumimwandel.at\/index.php?rest_route=%2Fwp%2Fv2%2Fcomments&post=24"}],"version-history":[{"count":1,"href":"https:\/\/neu.wachstumimwandel.at\/index.php?rest_route=\/wp\/v2\/posts\/24\/revisions"}],"predecessor-version":[{"id":26,"href":"https:\/\/neu.wachstumimwandel.at\/index.php?rest_route=\/wp\/v2\/posts\/24\/revisions\/26"}],"wp:featuredmedia":[{"embeddable":true,"href":"https:\/\/neu.wachstumimwandel.at\/index.php?rest_route=\/wp\/v2\/media\/25"}],"wp:attachment":[{"href":"https:\/\/neu.wachstumimwandel.at\/index.php?rest_route=%2Fwp%2Fv2%2Fmedia&parent=24"}],"wp:term":[{"taxonomy":"category","embeddable":true,"href":"https:\/\/neu.wachstumimwandel.at\/index.php?rest_route=%2Fwp%2Fv2%2Fcategories&post=24"},{"taxonomy":"post_tag","embeddable":true,"href":"https:\/\/neu.wachstumimwandel.at\/index.php?rest_route=%2Fwp%2Fv2%2Ftags&post=24"}],"curies":[{"name":"wp","href":"https:\/\/api.w.org\/{rel}","templated":true}]}}